{"id":28683,"date":"2025-01-10T14:43:09","date_gmt":"2025-01-10T17:43:09","guid":{"rendered":"https:\/\/alianca.org.br\/site\/?p=28683"},"modified":"2025-01-10T15:02:18","modified_gmt":"2025-01-10T18:02:18","slug":"floresca-onde-deus-te-plantar","status":"publish","type":"post","link":"https:\/\/alianca.org.br\/site\/2025\/01\/10\/floresca-onde-deus-te-plantar\/","title":{"rendered":"Flores\u00e7a onde Deus te plantar"},"content":{"rendered":"<h2 style=\"text-align: center;\">Flores\u00e7a onde Deus te plantar<\/h2>\n<p>Em 2023, para a comemora\u00e7\u00e3o dos 50 anos da Alian\u00e7a Esp\u00edrita Evang\u00e9lica, foi feito o convite a todos os volunt\u00e1rios que apresentassem projetos para renova\u00e7\u00e3o do movimento esp\u00edrita, totalizando o n\u00famero simb\u00f3lico de 50 projetos.<\/p>\n<p>Como volunt\u00e1ria tive o privil\u00e9gio de fazer parte deste momento t\u00e3o especial de comemora\u00e7\u00e3o para o qual apresentei o projeto: Escola de pais para Pr\u00e9-Mocidade e Mocidade. Hoje, ap\u00f3s um ano, venho compartilhar como foi o nascimento deste projeto e sua implementa\u00e7\u00e3o no Centro Esp\u00edrita Luz do Caminho \u2013 CELUCA, em Taubat\u00e9.<\/p>\n<p><img fetchpriority=\"high\" decoding=\"async\" class=\"size-medium wp-image-28686 aligncenter\" src=\"https:\/\/alianca.org.br\/site\/wp-content\/uploads\/2025\/01\/Floresca-onde-Deus-te-plantar-261x300.jpg\" alt=\"\" width=\"261\" height=\"300\" srcset=\"https:\/\/alianca.org.br\/site\/wp-content\/uploads\/2025\/01\/Floresca-onde-Deus-te-plantar-261x300.jpg 261w, https:\/\/alianca.org.br\/site\/wp-content\/uploads\/2025\/01\/Floresca-onde-Deus-te-plantar-435x500.jpg 435w, https:\/\/alianca.org.br\/site\/wp-content\/uploads\/2025\/01\/Floresca-onde-Deus-te-plantar-768x883.jpg 768w, https:\/\/alianca.org.br\/site\/wp-content\/uploads\/2025\/01\/Floresca-onde-Deus-te-plantar.jpg 1219w\" sizes=\"(max-width: 261px) 100vw, 261px\" \/><\/p>\n<p>Iniciei minha jornada h\u00e1 muitos anos na Evangeliza\u00e7\u00e3o Infantil. Ser evangelizador vai muito al\u00e9m do amor pelas crian\u00e7as, \u00e9 um compromisso que assumimos com Jesus, com a espiritualidade e conosco mesmo, um processo de mudan\u00e7a, de reconstru\u00e7\u00e3o e transforma\u00e7\u00e3o interior.<\/p>\n<p>Por diversas vezes, atuei em todos os ciclos da Evangeliza\u00e7\u00e3o, desde o Maternal at\u00e9 o ciclo do Intermedi\u00e1rio. Cada turma nova era um desafio, uma responsabilidade e me impulsionava a buscar por conhecimento, recursos e estrat\u00e9gias de aulas.<\/p>\n<p>Em 2022 atuei como dirigente da Evangeliza\u00e7\u00e3o Infantil. Foi uma experi\u00eancia muito enriquecedora, principalmente nos bastidores deste trabalho, onde nem sempre evangelizamos com palavras, mas tamb\u00e9m com nossos exemplos, gestos, sorrisos, abra\u00e7os, escuta ativa e amor pela causa.<\/p>\n<p>Neste per\u00edodo o meu olhar sobre a Evangeliza\u00e7\u00e3o foi ampliado. Trabalhos e ideias novas foram desenvolvidos, algumas compartilhadas aqui no blog da Alian\u00e7a. A base da Evangeliza\u00e7\u00e3o Infantil estava s\u00f3lida.<\/p>\n<p>Aqui no CELUCA, devido ao espa\u00e7o f\u00edsico, primeiro acontece a Evangeliza\u00e7\u00e3o Infantil, em seguida a Pr\u00e9-Mocidade e Mocidade. Observei que alguns pais de jovens ficavam aguardando seus filhos fora do Centro.<\/p>\n<p>Me questionei, como acolher esses pais? A espera era um tempo que poderia ser utilizado para extens\u00e3o dos ensinamentos esp\u00edritas. Por que n\u00e3o existia ali uma escola para esses pais?<\/p>\n<p>Inicialmente fiz uma pesquisa com os pais e respons\u00e1veis, sobre a possibilidade de iniciar uma Escola de Pais da Pr\u00e9-Mocidade. O retorno foi positivo.<\/p>\n<p>No decorrer dos dias a ideia de iniciar a Escola cada vez mais se solidificava em mim. Era uma necessidade, a pr\u00e9-adolesc\u00eancia \u00e9 um desafio para os jovens e seus familiares. Uma fase delicada, principalmente no campo espiritual.<\/p>\n<div style=\"width: 640px;\" class=\"wp-video\"><video class=\"wp-video-shortcode\" id=\"video-28683-1\" width=\"640\" height=\"1138\" preload=\"metadata\" controls=\"controls\"><source type=\"video\/mp4\" src=\"https:\/\/alianca.org.br\/site\/wp-content\/uploads\/2025\/01\/Floresca-onde-Deus-te-plantar.mp4?_=1\" \/><a href=\"https:\/\/alianca.org.br\/site\/wp-content\/uploads\/2025\/01\/Floresca-onde-Deus-te-plantar.mp4\">https:\/\/alianca.org.br\/site\/wp-content\/uploads\/2025\/01\/Floresca-onde-Deus-te-plantar.mp4<\/a><\/video><\/div>\n<p>Foi neste per\u00edodo que a Alian\u00e7a Esp\u00edrita Evang\u00e9lica lan\u00e7ou a proposta dos 50 projetos. Diante desta grande oportunidade, elaborei a ideia da Escola de Pais da Pr\u00e9-Mocidade e Mocidade.<\/p>\n<p>Assim, com a parceria de Ivete e Marlene, no dia 17\/02\/2024 nasceu a 1\u00aa Escola de Pais Pr\u00e9 Mocidade e Mocidade, no CELUCA \u2013 Regional Vale do Para\u00edba.<\/p>\n<p>Fundamentada no livro Viv\u00eancia do Espiritismo Religioso\u00b9, a Escola ocorre em hor\u00e1rio simult\u00e2neo \u00e0s aulas da Pr\u00e9-Mocidade. Em rela\u00e7\u00e3o aos adolescentes da Mocidade, tivemos a presen\u00e7a espor\u00e1dica de duas m\u00e3es.<\/p>\n<p>Iniciamos o ano com um cronograma flex\u00edvel, com temas espec\u00edficos e adaptados, conforme o programa da Pr\u00e9-Mocidade, sempre \u201clinkando\u201d com os ensinamentos de Jesus \u00e0 luz da Doutrina Esp\u00edrita.<\/p>\n<p>Na primeira aula foi realizado o acolhimento \u00e0s fam\u00edlias. No decorrer de nossa apresenta\u00e7\u00e3o, uma m\u00e3e relatou que naquele dia, enquanto se preparava para levar suas meninas \u00e0 Evangeliza\u00e7\u00e3o, uma delas lhe disse que s\u00f3 iria ficar se ela tamb\u00e9m ficasse. A m\u00e3e avisou que ficaria na Escola de Pais e nos agradeceu pela iniciativa. M\u00e3e ass\u00eddua e participativa, nos deu a certeza de estarmos no caminho certo e amparados.<\/p>\n<p>No decorrer do ano, contamos com a participa\u00e7\u00e3o de volunt\u00e1rios da casa e facilitadores convidados.<\/p>\n<p>Em dezembro encerramos o ano juntos: Evangeliza\u00e7\u00e3o Infantil, Pr\u00e9, Mocidade, alunos e volunt\u00e1rios do centro Luz do Caminho.<\/p>\n<p>Finalizo com a frase atribu\u00edda a Elienai Santos: \u201cFlores\u00e7a onde Deus te plantar&#8221;, n\u00e3o desista, onde estiver fa\u00e7a o seu melhor. Assim seguimos confiantes.<\/p>\n<p style=\"text-align: right;\">Silvia Maria dos Santos Am\u00e2ncio Ribeiro<\/p>\n<p style=\"text-align: right;\">Centro Esp\u00edrita Luz do Caminho \u2013 CELUCA<\/p>\n<p style=\"text-align: right;\">Regional Vale do Para\u00edba<\/p>\n<p>Refer\u00eancias:<\/p>\n<p>\u00b9Viv\u00eancia do Espiritismo Religioso \u2013 Escola de Pais \u2013 p\u00e1gs. 86 a 88.<\/p>\n","protected":false},"excerpt":{"rendered":"<p>Flores\u00e7a onde Deus te plantar Em 2023, para a comemora\u00e7\u00e3o dos 50 anos da Alian\u00e7a Esp\u00edrita Evang\u00e9lica, foi feito o convite a todos os volunt\u00e1rios que apresentassem projetos para renova\u00e7\u00e3o do movimento esp\u00edrita, totalizando o n\u00famero simb\u00f3lico de 50 projetos. Como volunt\u00e1ria tive o privil\u00e9gio de fazer parte deste momento t\u00e3o especial de comemora\u00e7\u00e3o para [&hellip;]<\/p>\n","protected":false},"author":8,"featured_media":28663,"comment_status":"closed","ping_status":"closed","sticky":false,"template":"","format":"standard","meta":{"om_disable_all_campaigns":false,"_monsterinsights_skip_tracking":false,"_monsterinsights_sitenote_active":false,"_monsterinsights_sitenote_note":"","_monsterinsights_sitenote_category":0,"footnotes":""},"categories":[66,37,43,42,69,39,72],"tags":[301,497,626,625,393],"class_list":["post-28683","post","type-post","status-publish","format-standard","has-post-thumbnail","hentry","category-aee","category-alianca-espirita-evangelica","category-mocidade","category-pre-mocidade","category-espiritismo","category-evangelizacao-infantil","category-sociedade","tag-50-anos-de-alianca","tag-50-projetos","tag-escola-de-pais-para-pre-mocidade","tag-mocidade-espirita","tag-pre-mocidade"],"aioseo_notices":[],"gutentor_comment":0,"_links":{"self":[{"href":"https:\/\/alianca.org.br\/site\/wp-json\/wp\/v2\/posts\/28683","targetHints":{"allow":["GET"]}}],"collection":[{"href":"https:\/\/alianca.org.br\/site\/wp-json\/wp\/v2\/posts"}],"about":[{"href":"https:\/\/alianca.org.br\/site\/wp-json\/wp\/v2\/types\/post"}],"author":[{"embeddable":true,"href":"https:\/\/alianca.org.br\/site\/wp-json\/wp\/v2\/users\/8"}],"replies":[{"embeddable":true,"href":"https:\/\/alianca.org.br\/site\/wp-json\/wp\/v2\/comments?post=28683"}],"version-history":[{"count":0,"href":"https:\/\/alianca.org.br\/site\/wp-json\/wp\/v2\/posts\/28683\/revisions"}],"wp:featuredmedia":[{"embeddable":true,"href":"https:\/\/alianca.org.br\/site\/wp-json\/wp\/v2\/media\/28663"}],"wp:attachment":[{"href":"https:\/\/alianca.org.br\/site\/wp-json\/wp\/v2\/media?parent=28683"}],"wp:term":[{"taxonomy":"category","embeddable":true,"href":"https:\/\/alianca.org.br\/site\/wp-json\/wp\/v2\/categories?post=28683"},{"taxonomy":"post_tag","embeddable":true,"href":"https:\/\/alianca.org.br\/site\/wp-json\/wp\/v2\/tags?post=28683"}],"curies":[{"name":"wp","href":"https:\/\/api.w.org\/{rel}","templated":true}]}}