{"id":30939,"date":"2026-09-04T22:09:55","date_gmt":"2026-09-05T01:09:55","guid":{"rendered":"https:\/\/alianca.org.br\/site\/?p=30939"},"modified":"2026-09-04T22:09:55","modified_gmt":"2026-09-05T01:09:55","slug":"encontro-de-evangelizadores-aprendizados-que-vao-alem-da-programacao","status":"publish","type":"post","link":"https:\/\/alianca.org.br\/site\/2026\/09\/04\/encontro-de-evangelizadores-aprendizados-que-vao-alem-da-programacao\/","title":{"rendered":"Encontro de Evangelizadores: aprendizados que v\u00e3o al\u00e9m da programa\u00e7\u00e3o"},"content":{"rendered":"<h2 style=\"text-align: center;\"><strong>Encontro de Evangelizadores: aprendizados que v\u00e3o al\u00e9m da programa\u00e7\u00e3o<\/strong><\/h2>\n<p><strong>19\u00ba Encontro de Evangelizadores, realizado em S\u00e3o Jos\u00e9 dos Campos, reuniu participantes de diferentes Regionais da Grande S\u00e3o Paulo em um dia marcado por acolhimento, reflex\u00e3o, espiritualidade e aprendizado. O tema do encontro \u2014 \u201cElos da Corrente: o que fazemos com o que aprendemos com Jesus?\u201d \u2014 acabou se revelando em cada pequeno acontecimento daquele dia.<\/strong><\/p>\n<p>No \u00faltimo domingo, 30 de agosto de 2026, S\u00e3o Jos\u00e9 dos Campos recebeu o 19\u00ba Encontro de Evangelizadores, reunindo evangelizadores de diversas Regionais da Grande S\u00e3o Paulo.<\/p>\n<p>Participei da organiza\u00e7\u00e3o e, talvez por isso, meus aprendizados tenham come\u00e7ado antes mesmo de o encontro come\u00e7ar.<\/p>\n<p>Aprendi, por exemplo, que n\u00e3o importa o quanto de coisa voc\u00ea leve. Caixas, malas, sacolas&#8230; O checklist pode ser conferido quinze vezes, mas sempre vamos precisar justamente de alguma coisa que ficou fora da lista: um cabo de energia, uma tomada de tr\u00eas pinos&#8230;<\/p>\n<p>Faz parte! Da pr\u00f3xima vez, aquilo que faltou estar\u00e1 na lista \u2014 e, provavelmente, faltar\u00e1 outra coisa.<\/p>\n<p>Talvez organizar tamb\u00e9m seja aprender que nem tudo estar\u00e1 sob nosso controle. E tudo bem.<\/p>\n<p>E aqui pe\u00e7o licen\u00e7a para abrir um espa\u00e7o muito especial de agradecimento \u00e0 equipe com quem tive a alegria de trabalhar na organiza\u00e7\u00e3o deste encontro.<\/p>\n<p>Foram meses de prepara\u00e7\u00e3o, dedica\u00e7\u00e3o e compromisso, compartilhados com pessoas que demonstram, em cada detalhe, o quanto amam aquilo que fazem. Pessoas dispostas a colaborar, resolver imprevistos, ajudar umas \u00e0s outras e fazer o melhor para que tudo acontecesse da forma mais acolhedora poss\u00edvel.<\/p>\n<p>A todos da equipe, fica o meu carinho, a minha admira\u00e7\u00e3o e a minha gratid\u00e3o.<\/p>\n<p>E talvez eu possa dizer, com um pouquinho de orgulho, que temos mais uma coisa em comum: <strong>eles amam muito o que fazem.<\/strong><strong> E eu tamb\u00e9m!<\/strong><\/p>\n<p>&nbsp;<\/p>\n<p><a href=\"https:\/\/alianca.org.br\/site\/wp-content\/uploads\/2026\/09\/Encontro-de-Evangelizadores-2026_1.heic\"><img decoding=\"async\" class=\"alignnone size-full wp-image-30940\" src=\"https:\/\/alianca.org.br\/site\/wp-content\/uploads\/2026\/09\/Encontro-de-Evangelizadores-2026_1.heic\" alt=\"\" \/><\/a><a href=\"https:\/\/alianca.org.br\/site\/wp-content\/uploads\/2026\/09\/Encontro-de-Evangelizadores-2026_1jpeg-scaled.jpg\"><img fetchpriority=\"high\" decoding=\"async\" class=\"size-medium wp-image-30946 aligncenter\" src=\"https:\/\/alianca.org.br\/site\/wp-content\/uploads\/2026\/09\/Encontro-de-Evangelizadores-2026_1jpeg-225x300.jpg\" alt=\"\" width=\"225\" height=\"300\" srcset=\"https:\/\/alianca.org.br\/site\/wp-content\/uploads\/2026\/09\/Encontro-de-Evangelizadores-2026_1jpeg-225x300.jpg 225w, https:\/\/alianca.org.br\/site\/wp-content\/uploads\/2026\/09\/Encontro-de-Evangelizadores-2026_1jpeg-300x400.jpg 300w, https:\/\/alianca.org.br\/site\/wp-content\/uploads\/2026\/09\/Encontro-de-Evangelizadores-2026_1jpeg-768x1024.jpg 768w, https:\/\/alianca.org.br\/site\/wp-content\/uploads\/2026\/09\/Encontro-de-Evangelizadores-2026_1jpeg-1152x1536.jpg 1152w, https:\/\/alianca.org.br\/site\/wp-content\/uploads\/2026\/09\/Encontro-de-Evangelizadores-2026_1jpeg-1536x2048.jpg 1536w, https:\/\/alianca.org.br\/site\/wp-content\/uploads\/2026\/09\/Encontro-de-Evangelizadores-2026_1jpeg-scaled.jpg 1920w\" sizes=\"(max-width: 225px) 100vw, 225px\" \/><\/a><\/p>\n<p>&nbsp;<\/p>\n<p>Logo na chegada, j\u00e1 come\u00e7amos a viver a alegria daquele encontro. Ali percebi como faz diferen\u00e7a receber algu\u00e9m com um sorriso no rosto e demonstrar, de verdade, que sua presen\u00e7a era querida e esperada.<\/p>\n<p>Um gesto simples ajudou a traduzir esse sentimento. Cada participante recebeu um cora\u00e7\u00e3o acompanhado de uma palavra de incentivo. Pequeno no tamanho, mas enorme no significado. \u00c0s vezes, poucas palavras s\u00e3o suficientes para aquecer um cora\u00e7\u00e3o e fazer algu\u00e9m se sentir acolhido.<\/p>\n<p>Durante a prepara\u00e7\u00e3o, outro momento trouxe emo\u00e7\u00e3o. Uma can\u00e7\u00e3o foi executada com tamanha delicadeza e sensibilidade que parecia envolver o ambiente inteiro. Por alguns instantes, era como se um anjo nos abra\u00e7asse e nos enchesse de carinho, lembrando-nos de que aquele trabalho n\u00e3o estava sendo realizado apenas por nossas m\u00e3os.<\/p>\n<p>Essa percep\u00e7\u00e3o tornou-se ainda mais presente durante a mensagem medi\u00fanica. Foi poss\u00edvel sentir o amor e o amparo dos amigos espirituais que auxiliam o trabalho da Evangeliza\u00e7\u00e3o Infantil. Mas tamb\u00e9m compreender a seriedade, a responsabilidade e a necessidade desse trabalho aben\u00e7oado na forma\u00e7\u00e3o de nossas crian\u00e7as.<\/p>\n<p>E quem imaginaria que, logo na primeira atividade da manh\u00e3, contar at\u00e9 tr\u00eas pudesse se transformar em um desafio?<\/p>\n<p>A din\u00e2mica come\u00e7ou de um jeito aparentemente muito simples: bastava contar at\u00e9 tr\u00eas. F\u00e1cil, pensamos. Mas, a cada rodada, uma nova dificuldade era acrescentada. O que parecia t\u00e3o \u00f3bvio come\u00e7ou a exigir mais aten\u00e7\u00e3o, concentra\u00e7\u00e3o e esfor\u00e7o de todos n\u00f3s.<\/p>\n<p>Entre risadas, erros e novas tentativas, fomos percebendo que aqueles tr\u00eas n\u00fameros n\u00e3o estavam ali por acaso. Aos poucos, a brincadeira foi dando lugar \u00e0 reflex\u00e3o, at\u00e9 revelar o que realmente importava naquela atividade.<\/p>\n<p>Fomos convidados a olhar nos olhos de quem precisa de n\u00f3s e a verdadeiramente escutar, com aten\u00e7\u00e3o e carinho. Sem respostas prontas. Sem longos discursos. Apenas estar presente.<\/p>\n<p>E descobrimos que tr\u00eas minutos de aten\u00e7\u00e3o verdadeira podem ser suficientes para acolher algu\u00e9m, perceber um pedido de ajuda e, quem sabe, evitar um mal maior.<\/p>\n<p>Ao final da plen\u00e1ria, uma sensibiliza\u00e7\u00e3o nos conduziu, em pensamento e emo\u00e7\u00e3o, ao Monte das Bem-aventuran\u00e7as, onde Jesus proferiu o Serm\u00e3o da Montanha.<\/p>\n<p>Por alguns instantes, j\u00e1 n\u00e3o parecia que est\u00e1vamos apenas imaginando aquela cena. Era como se estiv\u00e9ssemos ali, entre aqueles que se reuniram para ouvi-Lo, compartilhando o sil\u00eancio, a expectativa e a emo\u00e7\u00e3o de Suas palavras.<\/p>\n<p>Foi um daqueles momentos dif\u00edceis de traduzir.<\/p>\n<p>Por alguns instantes, estivemos todos naquele Monte.<\/p>\n<p>&nbsp;<\/p>\n<p><a href=\"https:\/\/alianca.org.br\/site\/wp-content\/uploads\/2026\/09\/Encontro-de-Evangelizadores-2026_3-scaled.jpg\"><img decoding=\"async\" class=\"size-medium wp-image-30942 alignleft\" src=\"https:\/\/alianca.org.br\/site\/wp-content\/uploads\/2026\/09\/Encontro-de-Evangelizadores-2026_3-300x139.jpg\" alt=\"\" width=\"300\" height=\"139\" srcset=\"https:\/\/alianca.org.br\/site\/wp-content\/uploads\/2026\/09\/Encontro-de-Evangelizadores-2026_3-300x139.jpg 300w, https:\/\/alianca.org.br\/site\/wp-content\/uploads\/2026\/09\/Encontro-de-Evangelizadores-2026_3-866x400.jpg 866w, https:\/\/alianca.org.br\/site\/wp-content\/uploads\/2026\/09\/Encontro-de-Evangelizadores-2026_3-768x355.jpg 768w, https:\/\/alianca.org.br\/site\/wp-content\/uploads\/2026\/09\/Encontro-de-Evangelizadores-2026_3-1536x709.jpg 1536w, https:\/\/alianca.org.br\/site\/wp-content\/uploads\/2026\/09\/Encontro-de-Evangelizadores-2026_3-2048x946.jpg 2048w\" sizes=\"(max-width: 300px) 100vw, 300px\" \/><\/a><a href=\"https:\/\/alianca.org.br\/site\/wp-content\/uploads\/2026\/09\/Encontro-de-Evangelizadores-2026_2-scaled.jpg\"><img decoding=\"async\" class=\"size-medium wp-image-30941 aligncenter\" src=\"https:\/\/alianca.org.br\/site\/wp-content\/uploads\/2026\/09\/Encontro-de-Evangelizadores-2026_2-300x139.jpg\" alt=\"\" width=\"300\" height=\"139\" srcset=\"https:\/\/alianca.org.br\/site\/wp-content\/uploads\/2026\/09\/Encontro-de-Evangelizadores-2026_2-300x139.jpg 300w, https:\/\/alianca.org.br\/site\/wp-content\/uploads\/2026\/09\/Encontro-de-Evangelizadores-2026_2-866x400.jpg 866w, https:\/\/alianca.org.br\/site\/wp-content\/uploads\/2026\/09\/Encontro-de-Evangelizadores-2026_2-768x355.jpg 768w, https:\/\/alianca.org.br\/site\/wp-content\/uploads\/2026\/09\/Encontro-de-Evangelizadores-2026_2-1536x709.jpg 1536w, https:\/\/alianca.org.br\/site\/wp-content\/uploads\/2026\/09\/Encontro-de-Evangelizadores-2026_2-2048x946.jpg 2048w\" sizes=\"(max-width: 300px) 100vw, 300px\" \/><\/a><\/p>\n<p>Outro espa\u00e7o que chamou a aten\u00e7\u00e3o foi a <strong>Feira de Boas Pr\u00e1ticas<\/strong>, criada para a troca de experi\u00eancias entre os evangelizadores. Ali estavam ideias simples, j\u00e1 aplicadas nas aulas e que haviam dado bons resultados. Exemplos para diferentes realidades e necessidades, mostrando que uma boa ideia n\u00e3o precisa ser complicada para fazer a diferen\u00e7a.<\/p>\n<p>E, quando aquilo que deu certo \u00e9 compartilhado, uma experi\u00eancia que era de um evangelizador passa a contribuir com o trabalho de muitos outros.<\/p>\n<p>E, em meio a tantas trocas e aprendizados, ainda tivemos a oportunidade de conhecer uma pequena amostra da <strong>Livraria da Alian\u00e7a<\/strong>, com t\u00edtulos cuidadosamente selecionados para quem se dedica \u00e0 Evangeliza\u00e7\u00e3o Infantil.<\/p>\n<p>Mais do que livros expostos, eram novas possibilidades de estudo, inspira\u00e7\u00e3o e aprofundamento para um trabalho que tamb\u00e9m exige de n\u00f3s aprendizado constante. Afinal, quem se disp\u00f5e a ensinar tamb\u00e9m precisa continuar aprendendo.<\/p>\n<p>Na hora do almo\u00e7o surgiu um pequeno desafio: o espa\u00e7o n\u00e3o comportava todos os participantes ao mesmo tempo. Aos poucos, os grupos foram sendo chamados e todos puderam saborear uma comida deliciosa \u2014 daquelas com gostinho de comida caseira, com gostinho de comida de m\u00e3e.<\/p>\n<p>Depois, ainda houve tempo para descansar \u00e0 sombra de uma enorme jaqueira. Entre o canto dos passarinhos e um ventinho gostoso que amenizava o calor, aquele cantinho se transformou em lugar de descanso, conversa e renova\u00e7\u00e3o das energias.<\/p>\n<p>Para as atividades da tarde, fomos divididos em grupos e veio mais uma surpresa: os encontros aconteceriam na \u00e1rea externa, cada grupo debaixo de uma \u00e1rvore.<\/p>\n<p>&nbsp;<\/p>\n<p><a href=\"https:\/\/alianca.org.br\/site\/wp-content\/uploads\/2026\/09\/Encontro-de-Evangelizadores-2026_6-scaled.jpg\"><img loading=\"lazy\" decoding=\"async\" class=\"size-medium wp-image-30945 aligncenter\" src=\"https:\/\/alianca.org.br\/site\/wp-content\/uploads\/2026\/09\/Encontro-de-Evangelizadores-2026_6-300x139.jpg\" alt=\"\" width=\"300\" height=\"139\" srcset=\"https:\/\/alianca.org.br\/site\/wp-content\/uploads\/2026\/09\/Encontro-de-Evangelizadores-2026_6-300x139.jpg 300w, https:\/\/alianca.org.br\/site\/wp-content\/uploads\/2026\/09\/Encontro-de-Evangelizadores-2026_6-866x400.jpg 866w, https:\/\/alianca.org.br\/site\/wp-content\/uploads\/2026\/09\/Encontro-de-Evangelizadores-2026_6-768x355.jpg 768w, https:\/\/alianca.org.br\/site\/wp-content\/uploads\/2026\/09\/Encontro-de-Evangelizadores-2026_6-1536x709.jpg 1536w, https:\/\/alianca.org.br\/site\/wp-content\/uploads\/2026\/09\/Encontro-de-Evangelizadores-2026_6-2048x946.jpg 2048w\" sizes=\"(max-width: 300px) 100vw, 300px\" \/><\/a><\/p>\n<p>\u00c1rvores como salas, sombras como abrigo e a natureza como cen\u00e1rio para novas trocas e aprendizados.<\/p>\n<p>Ah, mas faltou contar um detalhe importante: para toda e qualquer atividade, nossas cadeiras iam conosco!<\/p>\n<p>Era levantar, pegar a cadeira, caminhar at\u00e9 o pr\u00f3ximo espa\u00e7o, sentar&#8230; e, depois, come\u00e7ar tudo outra vez.<\/p>\n<p>Pode parecer apenas um detalhe engra\u00e7ado, mas at\u00e9 as cadeiras acabaram ensinando alguma coisa. Para tudo funcionar, cada um precisava fazer a sua parte. Cada participante carregava sua cadeira, ocupava seu lugar e colaborava para que a atividade pudesse acontecer.<\/p>\n<p>No fim, pensei que talvez aquela cadeira simbolizasse algo maior: <strong>em um trabalho constru\u00eddo por muitas m\u00e3os, todos precisamos carregar um pouquinho.<\/strong><strong> Quando cada um assume a sua parte, ningu\u00e9m precisa carregar tudo sozinho.<\/strong><\/p>\n<p>Nas atividades da tarde, cada grupo foi convidado a refletir sobre uma das oito Bem-aventuran\u00e7as.<\/p>\n<p>Diante dos ensinamentos de Jesus, fomos provocados a responder perguntas que nem sempre eram f\u00e1ceis. Perguntas que ultrapassavam o trabalho do evangelizador e tocavam o nosso \u00edntimo.<\/p>\n<p>Afinal, antes de ensinar as Bem-aventuran\u00e7as, era preciso nos colocarmos diante delas e perguntar: quanto desses ensinamentos estamos conseguindo levar para a nossa pr\u00f3pria vida?<\/p>\n<p>Colocamos ali nossas quest\u00f5es, nossas experi\u00eancias, aquilo que j\u00e1 conseguimos realizar e tamb\u00e9m o que ainda precisamos transformar em n\u00f3s mesmos. Mas n\u00e3o paramos apenas na reflex\u00e3o. Fomos convidados a pensar em propostas concretas de mudan\u00e7a.<\/p>\n<p>Isso, para mim, foi magn\u00edfico.<\/p>\n<p>Porque n\u00e3o est\u00e1vamos apenas falando sobre os ensinamentos de Jesus. Est\u00e1vamos sendo convidados a viv\u00ea-los.<\/p>\n<p>Enquanto tudo isso acontecia, o c\u00e9u come\u00e7ou a escurecer. Um grande temporal se aproximava e era hora de mudar os planos.<\/p>\n<p>Os organizadores se mobilizaram rapidamente e, mais uma vez, l\u00e1 fomos n\u00f3s com nossas insepar\u00e1veis cadeiras! Todos os grupos deixaram a \u00e1rea externa e retornaram ao grande sal\u00e3o.<\/p>\n<p>Oito grupos, divididos em subgrupos menores, precisariam continuar suas conversas ao mesmo tempo e no mesmo ambiente.<\/p>\n<p>Confesso que olhei para aquela movimenta\u00e7\u00e3o e pensei:<\/p>\n<p>\u201cIsso n\u00e3o vai dar certo&#8230;\u201d<\/p>\n<p>Mas deu.<\/p>\n<p>Sem o espa\u00e7o ideal, sem as condi\u00e7\u00f5es planejadas e com muitas pessoas conversando ao mesmo tempo, as atividades continuaram. Foi preciso adaptar, reorganizar, colaborar e trabalhar com aquilo que t\u00ednhamos naquele momento.<\/p>\n<p>Talvez algumas das melhores li\u00e7\u00f5es apare\u00e7am justamente quando o planejamento precisa dar lugar ao imprevisto.<\/p>\n<p>&nbsp;<\/p>\n<p><a href=\"https:\/\/alianca.org.br\/site\/wp-content\/uploads\/2026\/09\/Encontro-de-Evangelizadores-2026_5jpeg-scaled.jpg\"><img loading=\"lazy\" decoding=\"async\" class=\"size-medium wp-image-30947 aligncenter\" src=\"https:\/\/alianca.org.br\/site\/wp-content\/uploads\/2026\/09\/Encontro-de-Evangelizadores-2026_5jpeg-225x300.jpg\" alt=\"\" width=\"225\" height=\"300\" srcset=\"https:\/\/alianca.org.br\/site\/wp-content\/uploads\/2026\/09\/Encontro-de-Evangelizadores-2026_5jpeg-225x300.jpg 225w, https:\/\/alianca.org.br\/site\/wp-content\/uploads\/2026\/09\/Encontro-de-Evangelizadores-2026_5jpeg-300x400.jpg 300w, https:\/\/alianca.org.br\/site\/wp-content\/uploads\/2026\/09\/Encontro-de-Evangelizadores-2026_5jpeg-768x1024.jpg 768w, https:\/\/alianca.org.br\/site\/wp-content\/uploads\/2026\/09\/Encontro-de-Evangelizadores-2026_5jpeg-1152x1536.jpg 1152w, https:\/\/alianca.org.br\/site\/wp-content\/uploads\/2026\/09\/Encontro-de-Evangelizadores-2026_5jpeg-1536x2048.jpg 1536w, https:\/\/alianca.org.br\/site\/wp-content\/uploads\/2026\/09\/Encontro-de-Evangelizadores-2026_5jpeg-scaled.jpg 1920w\" sizes=\"(max-width: 225px) 100vw, 225px\" \/><\/a><\/p>\n<p>Ao final, todos fomos convidados a nos reunir ao redor de uma pequena \u00e1rvore colocada no centro do grande sal\u00e3o. Nela, uma corrente come\u00e7ava a ganhar forma. Seus elos coloridos traziam palavras escritas pelos pr\u00f3prios participantes \u2014 sentimentos, compromissos e marcas deixadas por tudo o que hav\u00edamos vivido naquele dia.<\/p>\n<p>\u00c9ramos quase duzentos evangelizadores.<\/p>\n<p>Parecia muita gente.<\/p>\n<p>Mas, quando aquela corrente foi colocada ao redor da pequena \u00e1rvore, ela ainda parecia t\u00edmida.<\/p>\n<p>A imagem falou por si s\u00f3:<\/p>\n<p><strong>nossa corrente precisa de mais elos.<\/strong><\/p>\n<p>Naquele momento, tornou-se evidente a import\u00e2ncia de termos cada vez mais evangelizadores participando dos encontros anuais, compartilhando experi\u00eancias, fortalecendo uns aos outros e compreendendo que ningu\u00e9m realiza esse trabalho sozinho.<\/p>\n<p>Somos apenas um elo.<\/p>\n<p>Mas cada elo importa.<\/p>\n<p>E foi ent\u00e3o que a pergunta que dava tema ao encontro ganhou, para mim, um significado ainda maior:<\/p>\n<p><strong>O que fazemos com aquilo que aprendemos com Jesus?<\/strong><\/p>\n<p>Ao olhar para tudo o que havia acontecido naquele dia, percebi que talvez a resposta j\u00e1 estivesse ali.<\/p>\n<p>Estava no sorriso de quem recebeu.<\/p>\n<p>Na palavra colocada dentro de um pequeno cora\u00e7\u00e3o.<\/p>\n<p>Nos tr\u00eas minutos dedicados a olhar algu\u00e9m nos olhos e verdadeiramente escutar.<\/p>\n<p>Estava na ideia compartilhada com outro evangelizador, na cadeira que cada um carregou, na sombra de uma \u00e1rvore que virou sala, na capacidade de mudar os planos diante de um temporal e continuar.<\/p>\n<p>Estava nas perguntas dif\u00edceis que nos fizeram olhar para dentro e reconhecer aquilo que ainda precisamos transformar.<\/p>\n<p>E estava naquela corrente, ainda pequena, nos lembrando de que h\u00e1 espa\u00e7o \u2014 e necessidade \u2014 para muitos outros elos.<\/p>\n<p>Talvez seja esse o convite de Jesus: n\u00e3o apenas conhecer Seus ensinamentos, falar sobre eles ou lev\u00e1-los \u00e0s nossas crian\u00e7as, mas permitir que apare\u00e7am nas situa\u00e7\u00f5es mais simples da nossa pr\u00f3pria vida.<\/p>\n<p>Porque aprender com Jesus \u00e9 importante.<\/p>\n<p>Refletir sobre Suas palavras \u00e9 necess\u00e1rio.<\/p>\n<p><strong>Mas \u00e9 aquilo que fazemos com o que aprendemos com Jesus, que transforma ensinamento em vida.<\/strong><\/p>\n<p style=\"text-align: right;\">Renata Mascotte Sanches<\/p>\n<p style=\"text-align: right;\">CEAE Formosa<\/p>\n<p style=\"text-align: right;\">Regional SP Leste<\/p>\n<p>&nbsp;<\/p>\n<p>&nbsp;<\/p>\n","protected":false},"excerpt":{"rendered":"<p>Encontro de Evangelizadores: aprendizados que v\u00e3o al\u00e9m da programa\u00e7\u00e3o 19\u00ba Encontro de Evangelizadores, realizado em S\u00e3o Jos\u00e9 dos Campos, reuniu participantes de diferentes Regionais da Grande S\u00e3o Paulo em um dia marcado por acolhimento, reflex\u00e3o, espiritualidade e aprendizado. O tema do encontro \u2014 \u201cElos da Corrente: o que fazemos com o que aprendemos com Jesus?\u201d [&hellip;]<\/p>\n","protected":false},"author":8,"featured_media":30550,"comment_status":"open","ping_status":"closed","sticky":false,"template":"","format":"standard","meta":{"_monsterinsights_skip_tracking":false,"footnotes":""},"categories":[39],"tags":[767,778],"class_list":["post-30939","post","type-post","status-publish","format-standard","has-post-thumbnail","hentry","category-evangelizacao-infantil","tag-19o-encontro-de-evangelizadores-da-infancia-da-aee","tag-o-que-fazemos-com-aquilo-que-aprendemos-com-jesus"],"aioseo_notices":[],"aioseo_head":"\n\t\t<!-- All in One SEO 5.0.0.1 - aioseo.com -->\n\t<meta name=\"description\" content=\"Encontro de Evangelizadores: aprendizados que v\u00e3o al\u00e9m da programa\u00e7\u00e3o 19\u00ba Encontro de Evangelizadores, realizado em S\u00e3o Jos\u00e9 dos Campos, reuniu participantes de diferentes Regionais da Grande S\u00e3o Paulo em um dia marcado por acolhimento, reflex\u00e3o, espiritualidade e aprendizado. O tema do encontro \u2014 \u201cElos da Corrente: o que fazemos com o que aprendemos com Jesus?\u201d\" \/>\n\t<meta name=\"robots\" content=\"max-image-preview:large\" \/>\n\t<meta name=\"author\" content=\"Filomena Lopes (Evangeliza\u00e7\u00e3o Infantil)\"\/>\n\t<link rel=\"canonical\" href=\"https:\/\/alianca.org.br\/site\/2026\/09\/04\/encontro-de-evangelizadores-aprendizados-que-vao-alem-da-programacao\/\" \/>\n\t<meta name=\"generator\" content=\"All in One SEO (AIOSEO) 5.0.0.1\" \/>\n\t\t<meta property=\"og:locale\" content=\"pt_BR\" \/>\n\t\t<meta property=\"og:site_name\" content=\"Alian\u00e7a Esp\u00edrita Evang\u00e9lica - Alian\u00e7a Esp\u00edrita Evang\u00e9lica\" \/>\n\t\t<meta property=\"og:type\" content=\"article\" \/>\n\t\t<meta property=\"og:title\" content=\"Encontro de Evangelizadores: aprendizados que v\u00e3o al\u00e9m da programa\u00e7\u00e3o - Alian\u00e7a Esp\u00edrita Evang\u00e9lica\" \/>\n\t\t<meta property=\"og:description\" content=\"Encontro de Evangelizadores: aprendizados que v\u00e3o al\u00e9m da programa\u00e7\u00e3o 19\u00ba Encontro de Evangelizadores, realizado em S\u00e3o Jos\u00e9 dos Campos, reuniu participantes de diferentes Regionais da Grande S\u00e3o Paulo em um dia marcado por acolhimento, reflex\u00e3o, espiritualidade e aprendizado. O tema do encontro \u2014 \u201cElos da Corrente: o que fazemos com o que aprendemos com Jesus?\u201d\" \/>\n\t\t<meta property=\"og:url\" content=\"https:\/\/alianca.org.br\/site\/2026\/09\/04\/encontro-de-evangelizadores-aprendizados-que-vao-alem-da-programacao\/\" \/>\n\t\t<meta property=\"og:image\" content=\"https:\/\/alianca.org.br\/site\/wp-content\/uploads\/2023\/07\/logo-vertical.jpg\" \/>\n\t\t<meta property=\"og:image:secure_url\" content=\"https:\/\/alianca.org.br\/site\/wp-content\/uploads\/2023\/07\/logo-vertical.jpg\" \/>\n\t\t<meta property=\"og:image:width\" content=\"1626\" \/>\n\t\t<meta property=\"og:image:height\" content=\"2008\" \/>\n\t\t<meta property=\"article:published_time\" content=\"2026-09-05T01:09:55+00:00\" \/>\n\t\t<meta property=\"article:modified_time\" content=\"2026-09-05T01:09:55+00:00\" \/>\n\t\t<meta property=\"article:publisher\" content=\"https:\/\/facebook.com\/aliancaespirita\" \/>\n\t\t<meta name=\"twitter:card\" content=\"summary_large_image\" \/>\n\t\t<meta name=\"twitter:site\" content=\"@AEE_real\" \/>\n\t\t<meta name=\"twitter:title\" content=\"Encontro de Evangelizadores: aprendizados que v\u00e3o al\u00e9m da programa\u00e7\u00e3o - Alian\u00e7a Esp\u00edrita Evang\u00e9lica\" \/>\n\t\t<meta name=\"twitter:description\" content=\"Encontro de Evangelizadores: aprendizados que v\u00e3o al\u00e9m da programa\u00e7\u00e3o 19\u00ba Encontro de Evangelizadores, realizado em S\u00e3o Jos\u00e9 dos Campos, reuniu participantes de diferentes Regionais da Grande S\u00e3o Paulo em um dia marcado por acolhimento, reflex\u00e3o, espiritualidade e aprendizado. O tema do encontro \u2014 \u201cElos da Corrente: o que fazemos com o que aprendemos com Jesus?\u201d\" \/>\n\t\t<meta name=\"twitter:creator\" content=\"@AEE_real\" \/>\n\t\t<meta name=\"twitter:image\" content=\"https:\/\/alianca.org.br\/site\/wp-content\/uploads\/2023\/07\/logo-vertical.jpg\" \/>\n\t\t<script type=\"application\/ld+json\" class=\"aioseo-schema\">\n\t\t\t{\"@context\":\"https:\\\/\\\/schema.org\",\"@graph\":[{\"@type\":\"BlogPosting\",\"@id\":\"https:\\\/\\\/alianca.org.br\\\/site\\\/2026\\\/09\\\/04\\\/encontro-de-evangelizadores-aprendizados-que-vao-alem-da-programacao\\\/#blogposting\",\"name\":\"Encontro de Evangelizadores: aprendizados que v\\u00e3o al\\u00e9m da programa\\u00e7\\u00e3o - Alian\\u00e7a Esp\\u00edrita Evang\\u00e9lica\",\"headline\":\"Encontro de Evangelizadores: aprendizados que v\\u00e3o al\\u00e9m da programa\\u00e7\\u00e3o\",\"author\":{\"@id\":\"https:\\\/\\\/alianca.org.br\\\/site\\\/author\\\/filomena_lopes\\\/#author\"},\"publisher\":{\"@id\":\"https:\\\/\\\/alianca.org.br\\\/site\\\/#organization\"},\"image\":{\"@type\":\"ImageObject\",\"url\":\"https:\\\/\\\/alianca.org.br\\\/site\\\/wp-content\\\/uploads\\\/2026\\\/01\\\/Extra-Extra-2026.png\",\"width\":1400,\"height\":500},\"datePublished\":\"2026-09-04T22:09:55-03:00\",\"dateModified\":\"2026-09-04T22:09:55-03:00\",\"inLanguage\":\"pt-BR\",\"mainEntityOfPage\":{\"@id\":\"https:\\\/\\\/alianca.org.br\\\/site\\\/2026\\\/09\\\/04\\\/encontro-de-evangelizadores-aprendizados-que-vao-alem-da-programacao\\\/#webpage\"},\"isPartOf\":{\"@id\":\"https:\\\/\\\/alianca.org.br\\\/site\\\/2026\\\/09\\\/04\\\/encontro-de-evangelizadores-aprendizados-que-vao-alem-da-programacao\\\/#webpage\"},\"articleSection\":\"Evangeliza\\u00e7ao Infantil, 19\\u00ba Encontro de Evangelizadores da Inf\\u00e2ncia da AEE, O que fazemos com aquilo que aprendemos com Jesus\"},{\"@type\":\"BreadcrumbList\",\"@id\":\"https:\\\/\\\/alianca.org.br\\\/site\\\/2026\\\/09\\\/04\\\/encontro-de-evangelizadores-aprendizados-que-vao-alem-da-programacao\\\/#breadcrumblist\",\"itemListElement\":[{\"@type\":\"ListItem\",\"@id\":\"https:\\\/\\\/alianca.org.br\\\/site#listItem\",\"position\":1,\"name\":\"In\\u00edcio\",\"item\":\"https:\\\/\\\/alianca.org.br\\\/site\",\"nextItem\":{\"@type\":\"ListItem\",\"@id\":\"https:\\\/\\\/alianca.org.br\\\/site\\\/blog\\\/#listItem\",\"name\":\"Blog\"}},{\"@type\":\"ListItem\",\"@id\":\"https:\\\/\\\/alianca.org.br\\\/site\\\/blog\\\/#listItem\",\"position\":2,\"name\":\"Blog\",\"item\":\"https:\\\/\\\/alianca.org.br\\\/site\\\/blog\\\/\",\"nextItem\":{\"@type\":\"ListItem\",\"@id\":\"https:\\\/\\\/alianca.org.br\\\/site\\\/category\\\/evangelizacao-infantil\\\/#listItem\",\"name\":\"Evangeliza\\u00e7ao Infantil\"},\"previousItem\":{\"@type\":\"ListItem\",\"@id\":\"https:\\\/\\\/alianca.org.br\\\/site#listItem\",\"name\":\"In\\u00edcio\"}},{\"@type\":\"ListItem\",\"@id\":\"https:\\\/\\\/alianca.org.br\\\/site\\\/category\\\/evangelizacao-infantil\\\/#listItem\",\"position\":3,\"name\":\"Evangeliza\\u00e7ao Infantil\",\"item\":\"https:\\\/\\\/alianca.org.br\\\/site\\\/category\\\/evangelizacao-infantil\\\/\",\"nextItem\":{\"@type\":\"ListItem\",\"@id\":\"https:\\\/\\\/alianca.org.br\\\/site\\\/2026\\\/09\\\/04\\\/encontro-de-evangelizadores-aprendizados-que-vao-alem-da-programacao\\\/#listItem\",\"name\":\"Encontro de Evangelizadores: aprendizados que v\\u00e3o al\\u00e9m da programa\\u00e7\\u00e3o\"},\"previousItem\":{\"@type\":\"ListItem\",\"@id\":\"https:\\\/\\\/alianca.org.br\\\/site\\\/blog\\\/#listItem\",\"name\":\"Blog\"}},{\"@type\":\"ListItem\",\"@id\":\"https:\\\/\\\/alianca.org.br\\\/site\\\/2026\\\/09\\\/04\\\/encontro-de-evangelizadores-aprendizados-que-vao-alem-da-programacao\\\/#listItem\",\"position\":4,\"name\":\"Encontro de Evangelizadores: aprendizados que v\\u00e3o al\\u00e9m da programa\\u00e7\\u00e3o\",\"previousItem\":{\"@type\":\"ListItem\",\"@id\":\"https:\\\/\\\/alianca.org.br\\\/site\\\/category\\\/evangelizacao-infantil\\\/#listItem\",\"name\":\"Evangeliza\\u00e7ao Infantil\"}}]},{\"@type\":\"Organization\",\"@id\":\"https:\\\/\\\/alianca.org.br\\\/site\\\/#organization\",\"name\":\"Alian\\u00e7a Esp\\u00edrita Evang\\u00e9lica\",\"description\":\"Alian\\u00e7a Esp\\u00edrita Evang\\u00e9lica\",\"url\":\"https:\\\/\\\/alianca.org.br\\\/site\\\/\",\"logo\":{\"@type\":\"ImageObject\",\"url\":\"https:\\\/\\\/alianca.org.br\\\/site\\\/wp-content\\\/uploads\\\/2023\\\/07\\\/Logo-Alianca-2-e1690407499485.jpg\",\"@id\":\"https:\\\/\\\/alianca.org.br\\\/site\\\/2026\\\/09\\\/04\\\/encontro-de-evangelizadores-aprendizados-que-vao-alem-da-programacao\\\/#organizationLogo\",\"width\":700,\"height\":758},\"image\":{\"@id\":\"https:\\\/\\\/alianca.org.br\\\/site\\\/2026\\\/09\\\/04\\\/encontro-de-evangelizadores-aprendizados-que-vao-alem-da-programacao\\\/#organizationLogo\"},\"sameAs\":[\"https:\\\/\\\/facebook.com\\\/aliancaespirita\",\"https:\\\/\\\/twitter.com\\\/AEE_real\",\"https:\\\/\\\/instagram.com\\\/aliancaespiritaevangelica\",\"https:\\\/\\\/youtube.com\\\/AEEcomunica\"]},{\"@type\":\"Person\",\"@id\":\"https:\\\/\\\/alianca.org.br\\\/site\\\/author\\\/filomena_lopes\\\/#author\",\"url\":\"https:\\\/\\\/alianca.org.br\\\/site\\\/author\\\/filomena_lopes\\\/\",\"name\":\"Filomena Lopes (Evangeliza\\u00e7\\u00e3o Infantil)\",\"image\":{\"@type\":\"ImageObject\",\"@id\":\"https:\\\/\\\/alianca.org.br\\\/site\\\/2026\\\/09\\\/04\\\/encontro-de-evangelizadores-aprendizados-que-vao-alem-da-programacao\\\/#authorImage\",\"url\":\"https:\\\/\\\/secure.gravatar.com\\\/avatar\\\/50eb6de9f2a7acdfc87d423ac50c23076c52bfc9fd74f8e27f1a2b98c201483d?s=96&d=mm&r=g\",\"width\":96,\"height\":96,\"caption\":\"Filomena Lopes (Evangeliza\\u00e7\\u00e3o Infantil)\"}},{\"@type\":\"WebPage\",\"@id\":\"https:\\\/\\\/alianca.org.br\\\/site\\\/2026\\\/09\\\/04\\\/encontro-de-evangelizadores-aprendizados-que-vao-alem-da-programacao\\\/#webpage\",\"url\":\"https:\\\/\\\/alianca.org.br\\\/site\\\/2026\\\/09\\\/04\\\/encontro-de-evangelizadores-aprendizados-que-vao-alem-da-programacao\\\/\",\"name\":\"Encontro de Evangelizadores: aprendizados que v\\u00e3o al\\u00e9m da programa\\u00e7\\u00e3o - Alian\\u00e7a Esp\\u00edrita Evang\\u00e9lica\",\"description\":\"Encontro de Evangelizadores: aprendizados que v\\u00e3o al\\u00e9m da programa\\u00e7\\u00e3o 19\\u00ba Encontro de Evangelizadores, realizado em S\\u00e3o Jos\\u00e9 dos Campos, reuniu participantes de diferentes Regionais da Grande S\\u00e3o Paulo em um dia marcado por acolhimento, reflex\\u00e3o, espiritualidade e aprendizado. O tema do encontro \\u2014 \\u201cElos da Corrente: o que fazemos com o que aprendemos com Jesus?\\u201d\",\"inLanguage\":\"pt-BR\",\"isPartOf\":{\"@id\":\"https:\\\/\\\/alianca.org.br\\\/site\\\/#website\"},\"breadcrumb\":{\"@id\":\"https:\\\/\\\/alianca.org.br\\\/site\\\/2026\\\/09\\\/04\\\/encontro-de-evangelizadores-aprendizados-que-vao-alem-da-programacao\\\/#breadcrumblist\"},\"author\":{\"@id\":\"https:\\\/\\\/alianca.org.br\\\/site\\\/author\\\/filomena_lopes\\\/#author\"},\"creator\":{\"@id\":\"https:\\\/\\\/alianca.org.br\\\/site\\\/author\\\/filomena_lopes\\\/#author\"},\"image\":{\"@type\":\"ImageObject\",\"url\":\"https:\\\/\\\/alianca.org.br\\\/site\\\/wp-content\\\/uploads\\\/2026\\\/01\\\/Extra-Extra-2026.png\",\"@id\":\"https:\\\/\\\/alianca.org.br\\\/site\\\/2026\\\/09\\\/04\\\/encontro-de-evangelizadores-aprendizados-que-vao-alem-da-programacao\\\/#mainImage\",\"width\":1400,\"height\":500},\"primaryImageOfPage\":{\"@id\":\"https:\\\/\\\/alianca.org.br\\\/site\\\/2026\\\/09\\\/04\\\/encontro-de-evangelizadores-aprendizados-que-vao-alem-da-programacao\\\/#mainImage\"},\"datePublished\":\"2026-09-04T22:09:55-03:00\",\"dateModified\":\"2026-09-04T22:09:55-03:00\"},{\"@type\":\"WebSite\",\"@id\":\"https:\\\/\\\/alianca.org.br\\\/site\\\/#website\",\"url\":\"https:\\\/\\\/alianca.org.br\\\/site\\\/\",\"name\":\"Alian\\u00e7a Esp\\u00edrita Evang\\u00e9lica\",\"description\":\"Alian\\u00e7a Esp\\u00edrita Evang\\u00e9lica\",\"inLanguage\":\"pt-BR\",\"publisher\":{\"@id\":\"https:\\\/\\\/alianca.org.br\\\/site\\\/#organization\"}}]}\n\t\t<\/script>\n\t\t<!-- All in One SEO -->\n\n","aioseo_head_json":{"title":"Encontro de Evangelizadores: aprendizados que v\u00e3o al\u00e9m da programa\u00e7\u00e3o - Alian\u00e7a Esp\u00edrita Evang\u00e9lica","description":"Encontro de Evangelizadores: aprendizados que v\u00e3o al\u00e9m da programa\u00e7\u00e3o 19\u00ba Encontro de Evangelizadores, realizado em S\u00e3o Jos\u00e9 dos Campos, reuniu participantes de diferentes Regionais da Grande S\u00e3o Paulo em um dia marcado por acolhimento, reflex\u00e3o, espiritualidade e aprendizado. O tema do encontro \u2014 \u201cElos da Corrente: o que fazemos com o que aprendemos com Jesus?\u201d","canonical_url":"https:\/\/alianca.org.br\/site\/2026\/09\/04\/encontro-de-evangelizadores-aprendizados-que-vao-alem-da-programacao\/","robots":"max-image-preview:large","keywords":"","webmasterTools":{"miscellaneous":""},"schema":{"@context":"https:\/\/schema.org","@graph":[{"@type":"BlogPosting","@id":"https:\/\/alianca.org.br\/site\/2026\/09\/04\/encontro-de-evangelizadores-aprendizados-que-vao-alem-da-programacao\/#blogposting","name":"Encontro de Evangelizadores: aprendizados que v\u00e3o al\u00e9m da programa\u00e7\u00e3o - Alian\u00e7a Esp\u00edrita Evang\u00e9lica","headline":"Encontro de Evangelizadores: aprendizados que v\u00e3o al\u00e9m da programa\u00e7\u00e3o","author":{"@id":"https:\/\/alianca.org.br\/site\/author\/filomena_lopes\/#author"},"publisher":{"@id":"https:\/\/alianca.org.br\/site\/#organization"},"image":{"@type":"ImageObject","url":"https:\/\/alianca.org.br\/site\/wp-content\/uploads\/2026\/01\/Extra-Extra-2026.png","width":1400,"height":500},"datePublished":"2026-09-04T22:09:55-03:00","dateModified":"2026-09-04T22:09:55-03:00","inLanguage":"pt-BR","mainEntityOfPage":{"@id":"https:\/\/alianca.org.br\/site\/2026\/09\/04\/encontro-de-evangelizadores-aprendizados-que-vao-alem-da-programacao\/#webpage"},"isPartOf":{"@id":"https:\/\/alianca.org.br\/site\/2026\/09\/04\/encontro-de-evangelizadores-aprendizados-que-vao-alem-da-programacao\/#webpage"},"articleSection":"Evangeliza\u00e7ao Infantil, 19\u00ba Encontro de Evangelizadores da Inf\u00e2ncia da AEE, O que fazemos com aquilo que aprendemos com Jesus"},{"@type":"BreadcrumbList","@id":"https:\/\/alianca.org.br\/site\/2026\/09\/04\/encontro-de-evangelizadores-aprendizados-que-vao-alem-da-programacao\/#breadcrumblist","itemListElement":[{"@type":"ListItem","@id":"https:\/\/alianca.org.br\/site#listItem","position":1,"name":"In\u00edcio","item":"https:\/\/alianca.org.br\/site","nextItem":{"@type":"ListItem","@id":"https:\/\/alianca.org.br\/site\/blog\/#listItem","name":"Blog"}},{"@type":"ListItem","@id":"https:\/\/alianca.org.br\/site\/blog\/#listItem","position":2,"name":"Blog","item":"https:\/\/alianca.org.br\/site\/blog\/","nextItem":{"@type":"ListItem","@id":"https:\/\/alianca.org.br\/site\/category\/evangelizacao-infantil\/#listItem","name":"Evangeliza\u00e7ao Infantil"},"previousItem":{"@type":"ListItem","@id":"https:\/\/alianca.org.br\/site#listItem","name":"In\u00edcio"}},{"@type":"ListItem","@id":"https:\/\/alianca.org.br\/site\/category\/evangelizacao-infantil\/#listItem","position":3,"name":"Evangeliza\u00e7ao Infantil","item":"https:\/\/alianca.org.br\/site\/category\/evangelizacao-infantil\/","nextItem":{"@type":"ListItem","@id":"https:\/\/alianca.org.br\/site\/2026\/09\/04\/encontro-de-evangelizadores-aprendizados-que-vao-alem-da-programacao\/#listItem","name":"Encontro de Evangelizadores: aprendizados que v\u00e3o al\u00e9m da programa\u00e7\u00e3o"},"previousItem":{"@type":"ListItem","@id":"https:\/\/alianca.org.br\/site\/blog\/#listItem","name":"Blog"}},{"@type":"ListItem","@id":"https:\/\/alianca.org.br\/site\/2026\/09\/04\/encontro-de-evangelizadores-aprendizados-que-vao-alem-da-programacao\/#listItem","position":4,"name":"Encontro de Evangelizadores: aprendizados que v\u00e3o al\u00e9m da programa\u00e7\u00e3o","previousItem":{"@type":"ListItem","@id":"https:\/\/alianca.org.br\/site\/category\/evangelizacao-infantil\/#listItem","name":"Evangeliza\u00e7ao Infantil"}}]},{"@type":"Organization","@id":"https:\/\/alianca.org.br\/site\/#organization","name":"Alian\u00e7a Esp\u00edrita Evang\u00e9lica","description":"Alian\u00e7a Esp\u00edrita Evang\u00e9lica","url":"https:\/\/alianca.org.br\/site\/","logo":{"@type":"ImageObject","url":"https:\/\/alianca.org.br\/site\/wp-content\/uploads\/2023\/07\/Logo-Alianca-2-e1690407499485.jpg","@id":"https:\/\/alianca.org.br\/site\/2026\/09\/04\/encontro-de-evangelizadores-aprendizados-que-vao-alem-da-programacao\/#organizationLogo","width":700,"height":758},"image":{"@id":"https:\/\/alianca.org.br\/site\/2026\/09\/04\/encontro-de-evangelizadores-aprendizados-que-vao-alem-da-programacao\/#organizationLogo"},"sameAs":["https:\/\/facebook.com\/aliancaespirita","https:\/\/twitter.com\/AEE_real","https:\/\/instagram.com\/aliancaespiritaevangelica","https:\/\/youtube.com\/AEEcomunica"]},{"@type":"Person","@id":"https:\/\/alianca.org.br\/site\/author\/filomena_lopes\/#author","url":"https:\/\/alianca.org.br\/site\/author\/filomena_lopes\/","name":"Filomena Lopes (Evangeliza\u00e7\u00e3o Infantil)","image":{"@type":"ImageObject","@id":"https:\/\/alianca.org.br\/site\/2026\/09\/04\/encontro-de-evangelizadores-aprendizados-que-vao-alem-da-programacao\/#authorImage","url":"https:\/\/secure.gravatar.com\/avatar\/50eb6de9f2a7acdfc87d423ac50c23076c52bfc9fd74f8e27f1a2b98c201483d?s=96&d=mm&r=g","width":96,"height":96,"caption":"Filomena Lopes (Evangeliza\u00e7\u00e3o Infantil)"}},{"@type":"WebPage","@id":"https:\/\/alianca.org.br\/site\/2026\/09\/04\/encontro-de-evangelizadores-aprendizados-que-vao-alem-da-programacao\/#webpage","url":"https:\/\/alianca.org.br\/site\/2026\/09\/04\/encontro-de-evangelizadores-aprendizados-que-vao-alem-da-programacao\/","name":"Encontro de Evangelizadores: aprendizados que v\u00e3o al\u00e9m da programa\u00e7\u00e3o - Alian\u00e7a Esp\u00edrita Evang\u00e9lica","description":"Encontro de Evangelizadores: aprendizados que v\u00e3o al\u00e9m da programa\u00e7\u00e3o 19\u00ba Encontro de Evangelizadores, realizado em S\u00e3o Jos\u00e9 dos Campos, reuniu participantes de diferentes Regionais da Grande S\u00e3o Paulo em um dia marcado por acolhimento, reflex\u00e3o, espiritualidade e aprendizado. O tema do encontro \u2014 \u201cElos da Corrente: o que fazemos com o que aprendemos com Jesus?\u201d","inLanguage":"pt-BR","isPartOf":{"@id":"https:\/\/alianca.org.br\/site\/#website"},"breadcrumb":{"@id":"https:\/\/alianca.org.br\/site\/2026\/09\/04\/encontro-de-evangelizadores-aprendizados-que-vao-alem-da-programacao\/#breadcrumblist"},"author":{"@id":"https:\/\/alianca.org.br\/site\/author\/filomena_lopes\/#author"},"creator":{"@id":"https:\/\/alianca.org.br\/site\/author\/filomena_lopes\/#author"},"image":{"@type":"ImageObject","url":"https:\/\/alianca.org.br\/site\/wp-content\/uploads\/2026\/01\/Extra-Extra-2026.png","@id":"https:\/\/alianca.org.br\/site\/2026\/09\/04\/encontro-de-evangelizadores-aprendizados-que-vao-alem-da-programacao\/#mainImage","width":1400,"height":500},"primaryImageOfPage":{"@id":"https:\/\/alianca.org.br\/site\/2026\/09\/04\/encontro-de-evangelizadores-aprendizados-que-vao-alem-da-programacao\/#mainImage"},"datePublished":"2026-09-04T22:09:55-03:00","dateModified":"2026-09-04T22:09:55-03:00"},{"@type":"WebSite","@id":"https:\/\/alianca.org.br\/site\/#website","url":"https:\/\/alianca.org.br\/site\/","name":"Alian\u00e7a Esp\u00edrita Evang\u00e9lica","description":"Alian\u00e7a Esp\u00edrita Evang\u00e9lica","inLanguage":"pt-BR","publisher":{"@id":"https:\/\/alianca.org.br\/site\/#organization"}}]},"og:locale":"pt_BR","og:site_name":"Alian\u00e7a Esp\u00edrita Evang\u00e9lica - Alian\u00e7a Esp\u00edrita Evang\u00e9lica","og:type":"article","og:title":"Encontro de Evangelizadores: aprendizados que v\u00e3o al\u00e9m da programa\u00e7\u00e3o - Alian\u00e7a Esp\u00edrita Evang\u00e9lica","og:description":"Encontro de Evangelizadores: aprendizados que v\u00e3o al\u00e9m da programa\u00e7\u00e3o 19\u00ba Encontro de Evangelizadores, realizado em S\u00e3o Jos\u00e9 dos Campos, reuniu participantes de diferentes Regionais da Grande S\u00e3o Paulo em um dia marcado por acolhimento, reflex\u00e3o, espiritualidade e aprendizado. O tema do encontro \u2014 \u201cElos da Corrente: o que fazemos com o que aprendemos com Jesus?\u201d","og:url":"https:\/\/alianca.org.br\/site\/2026\/09\/04\/encontro-de-evangelizadores-aprendizados-que-vao-alem-da-programacao\/","og:image":"https:\/\/alianca.org.br\/site\/wp-content\/uploads\/2023\/07\/logo-vertical.jpg","og:image:secure_url":"https:\/\/alianca.org.br\/site\/wp-content\/uploads\/2023\/07\/logo-vertical.jpg","og:image:width":1626,"og:image:height":2008,"article:published_time":"2026-09-05T01:09:55+00:00","article:modified_time":"2026-09-05T01:09:55+00:00","article:publisher":"https:\/\/facebook.com\/aliancaespirita","twitter:card":"summary_large_image","twitter:site":"@AEE_real","twitter:title":"Encontro de Evangelizadores: aprendizados que v\u00e3o al\u00e9m da programa\u00e7\u00e3o - Alian\u00e7a Esp\u00edrita Evang\u00e9lica","twitter:description":"Encontro de Evangelizadores: aprendizados que v\u00e3o al\u00e9m da programa\u00e7\u00e3o 19\u00ba Encontro de Evangelizadores, realizado em S\u00e3o Jos\u00e9 dos Campos, reuniu participantes de diferentes Regionais da Grande S\u00e3o Paulo em um dia marcado por acolhimento, reflex\u00e3o, espiritualidade e aprendizado. O tema do encontro \u2014 \u201cElos da Corrente: o que fazemos com o que aprendemos com Jesus?\u201d","twitter:creator":"@AEE_real","twitter:image":"https:\/\/alianca.org.br\/site\/wp-content\/uploads\/2023\/07\/logo-vertical.jpg"},"aioseo_meta_data":{"post_id":"30939","title":null,"description":null,"keywords":null,"keyphrases":{"focus":{"keyphrase":"","score":0,"analysis":{"keyphraseInTitle":{"score":0,"maxScore":9,"error":1}}},"additional":[]},"primary_term":null,"canonical_url":null,"og_title":null,"og_description":null,"og_object_type":"default","og_image_type":"default","og_image_url":null,"og_image_width":null,"og_image_height":null,"og_image_custom_url":null,"og_image_custom_fields":null,"og_video":"","og_custom_url":null,"og_article_section":null,"og_article_tags":null,"twitter_use_og":false,"twitter_card":"default","twitter_image_type":"default","twitter_image_url":null,"twitter_image_custom_url":null,"twitter_image_custom_fields":null,"twitter_title":null,"twitter_description":null,"schema":{"blockGraphs":[],"customGraphs":[],"default":{"data":{"Article":[],"Course":[],"Dataset":[],"FAQPage":[],"Movie":[],"Person":[],"Product":[],"ProductReview":[],"Car":[],"Recipe":[],"Service":[],"SoftwareApplication":[],"WebPage":[]},"graphName":"BlogPosting","isEnabled":true},"graphs":[]},"schema_type":"default","schema_type_options":null,"pillar_content":false,"robots_default":true,"robots_noindex":false,"robots_noarchive":false,"robots_nosnippet":false,"robots_nofollow":false,"robots_noimageindex":false,"robots_noodp":false,"robots_notranslate":false,"robots_max_snippet":"-1","robots_max_videopreview":"-1","robots_max_imagepreview":"large","priority":null,"frequency":"default","local_seo":null,"breadcrumb_settings":null,"limit_modified_date":false,"ai":{"faqs":[],"keyPoints":[],"schemas":[],"titles":[],"descriptions":[],"socialPosts":{"email":{"subject":"","preview":"","content":""},"linkedin":[],"twitter":[],"facebook":[],"instagram":[]}},"created":"2026-09-05 01:07:28","updated":"2026-09-05 02:07:17","seo_analyzer_scan_date":null,"focus_keyword":null,"additional_keywords":null,"truseo_locale":null},"aioseo_breadcrumb":"<div class=\"aioseo-breadcrumbs\"><span class=\"aioseo-breadcrumb\">\n\t\t\t<a href=\"https:\/\/alianca.org.br\/site\" title=\"In\u00edcio\">In\u00edcio<\/a>\n\t\t<\/span><span class=\"aioseo-breadcrumb-separator\">\u00bb<\/span><span class=\"aioseo-breadcrumb\">\n\t\t\t<a href=\"https:\/\/alianca.org.br\/site\/blog\/\" title=\"Blog\">Blog<\/a>\n\t\t<\/span><span class=\"aioseo-breadcrumb-separator\">\u00bb<\/span><span class=\"aioseo-breadcrumb\">\n\t\t\t<a href=\"https:\/\/alianca.org.br\/site\/category\/evangelizacao-infantil\/\" title=\"Evangeliza\u00e7ao Infantil\">Evangeliza\u00e7ao Infantil<\/a>\n\t\t<\/span><span class=\"aioseo-breadcrumb-separator\">\u00bb<\/span><span class=\"aioseo-breadcrumb\">\n\t\t\tEncontro de Evangelizadores: aprendizados que v\u00e3o al\u00e9m da programa\u00e7\u00e3o\n\t\t<\/span><\/div>","aioseo_breadcrumb_json":[{"label":"In\u00edcio","link":"https:\/\/alianca.org.br\/site"},{"label":"Blog","link":"https:\/\/alianca.org.br\/site\/blog\/"},{"label":"Evangeliza\u00e7ao Infantil","link":"https:\/\/alianca.org.br\/site\/category\/evangelizacao-infantil\/"},{"label":"Encontro de Evangelizadores: aprendizados que v\u00e3o al\u00e9m da programa\u00e7\u00e3o","link":"https:\/\/alianca.org.br\/site\/2026\/09\/04\/encontro-de-evangelizadores-aprendizados-que-vao-alem-da-programacao\/"}],"gutentor_comment":8,"_links":{"self":[{"href":"https:\/\/alianca.org.br\/site\/wp-json\/wp\/v2\/posts\/30939","targetHints":{"allow":["GET"]}}],"collection":[{"href":"https:\/\/alianca.org.br\/site\/wp-json\/wp\/v2\/posts"}],"about":[{"href":"https:\/\/alianca.org.br\/site\/wp-json\/wp\/v2\/types\/post"}],"author":[{"embeddable":true,"href":"https:\/\/alianca.org.br\/site\/wp-json\/wp\/v2\/users\/8"}],"replies":[{"embeddable":true,"href":"https:\/\/alianca.org.br\/site\/wp-json\/wp\/v2\/comments?post=30939"}],"version-history":[{"count":1,"href":"https:\/\/alianca.org.br\/site\/wp-json\/wp\/v2\/posts\/30939\/revisions"}],"predecessor-version":[{"id":30948,"href":"https:\/\/alianca.org.br\/site\/wp-json\/wp\/v2\/posts\/30939\/revisions\/30948"}],"wp:featuredmedia":[{"embeddable":true,"href":"https:\/\/alianca.org.br\/site\/wp-json\/wp\/v2\/media\/30550"}],"wp:attachment":[{"href":"https:\/\/alianca.org.br\/site\/wp-json\/wp\/v2\/media?parent=30939"}],"wp:term":[{"taxonomy":"category","embeddable":true,"href":"https:\/\/alianca.org.br\/site\/wp-json\/wp\/v2\/categories?post=30939"},{"taxonomy":"post_tag","embeddable":true,"href":"https:\/\/alianca.org.br\/site\/wp-json\/wp\/v2\/tags?post=30939"}],"curies":[{"name":"wp","href":"https:\/\/api.w.org\/{rel}","templated":true}]}}